{"id":882,"date":"2025-03-19T12:32:00","date_gmt":"2025-03-19T11:32:00","guid":{"rendered":"https:\/\/www.hotelis-academy.ch\/blog\/julie-landry-devient-la-nouvelle-responsable-du-centre-de-formation-hotelis-academy\/"},"modified":"2025-04-25T16:21:58","modified_gmt":"2025-04-25T14:21:58","slug":"julie-landry-wird-neue-leiterin-des-ausbildungszentrums-der-hotelis-academy","status":"publish","type":"post","link":"https:\/\/www.hotelis-academy.ch\/de\/blog\/julie-landry-wird-neue-leiterin-des-ausbildungszentrums-der-hotelis-academy\/","title":{"rendered":"Julie Landry wird neue Leiterin des Ausbildungszentrums der Hotelis Academy"},"content":{"rendered":"\n<p><strong>Das Gastgewerbe und die Restauration befinden sich in st\u00e4ndiger Entwicklung und verlangen von Fachkr\u00e4ften eine kontinuierliche Anpassungsf\u00e4higkeit sowie stets aktuelles Know-how. In diesem dynamischen Umfeld freut sich die Hotelis Academy, die Ernennung von Julie Landry zur Leiterin des Ausbildungszentrums bekanntzugeben.<\/strong><br><\/p>\n\n\n\n<h3 class=\"wp-block-heading\"><strong>Ein innovativer und professioneller Ansatz im Zentrum der Weiterbildung<\/strong><\/h3>\n\n\n\n<p>Seit Januar 2025 ist Julie Landry f\u00fcr die Hotelis Academy verantwortlich, mit einem klaren Ziel: die Rolle der Academy als zentrale Institution f\u00fcr berufliche Weiterbildung in der Schweiz weiter auszubauen. Als Absolventin der \u00c9cole H\u00f4teli\u00e8re de Lausanne, Inhaberin des eidgen\u00f6ssischen Fachausweises f\u00fcr Erwachsenenbildung und zertifizierte Qualit\u00e4tsbeauftragte im Gesundheitswesen bringt sie \u00fcber 20 Jahre Erfahrung im Hotel- und Spitalmanagement sowie in der betrieblichen Weiterbildung und Gemeinschaftsgastronomie mit.<\/p>\n\n\n\n<p>Ihre Philosophie basiert auf einer dynamischen und praxisorientierten P\u00e4dagogik, die sich auf die L\u00f6sung konkreter Herausforderungen und die kontinuierliche Verbesserung beruflicher Kompetenzen konzentriert.<br>F\u00fcr Julie Landry geht Weiterbildung weit \u00fcber das Erlernen von F\u00e4higkeiten hinaus: Sie unterst\u00fctzt Fachkr\u00e4fte dabei, tiefgreifend \u00fcber ihre Berufe, Aufgaben und Rollen nachzudenken, um mit Klarheit und Selbstvertrauen in ihrer T\u00e4tigkeit zu wachsen.<\/p>\n\n\n\n<p>Julie Landry versteht Weiterbildung als Raum f\u00fcr Entfaltung und Transformation: \u201eMeine Aufgabe ist es, die Herausforderungen von morgen vorauszudenken und die Weiterbildung in den Dienst des Einzelnen zu stellen \u2013 mit individuell angepassten, innovativen und inspirierenden Lernwegen. Die Hotelis Academy soll ein Ort sein, an dem Talente wachsen, Kompetenzen gest\u00e4rkt und berufliche Wege neu gedacht werden. \u201e<\/p>\n\n\n\n<h3 class=\"wp-block-heading\"><strong>Kundenzentrierung \u2013 Ein Prinzip aus der Hotellerie, \u00fcbertragbar auf alle Branchen<\/strong><br><\/h3>\n\n\n\n<p>Mit dem Einstieg von Julie Landry markiert die Hotelis Academy einen strategischen Wendepunkt. Ihr innovativer und auf Exzellenz ausgerichteter Ansatz erweitert den Fokus auf ein zentrales Feld: die Weiterbildung im Bereich \u201eCustomer Experience\u201c, inspiriert von den Best Practices der Hotellerie.<\/p>\n\n\n\n<p>Diese spezialisierten Programme haben das Ziel, Mitarbeitende zu leidenschaftlichen Markenbotschaftern zu machen. Sie vermitteln ihnen das n\u00f6tige Know-how und Verhalten, um Kundschaft langfristig zu binden und deren Erwartungen zu \u00fcbertreffen.<br>Mit dieser Vision \u00fcbertr\u00e4gt die Hotelis Academy die besondere Servicequalit\u00e4t der Hotellerie auf verschiedenste Branchen \u2013 durch massgeschneiderte Weiterbildungen, die auf die spezifischen Herausforderungen und Anforderungen jedes Unternehmens abgestimmt sind.<br><br><\/p>\n\n\n\n<h3 class=\"wp-block-heading\"><strong>Hotelis Academy: In den Diensten jener, die Gastfreundschaft erlebbar machen<\/strong><br><\/h3>\n\n\n\n<p>Mehr als nur ein Ausbildungszentrum \u2013 die Hotelis Academy ist ein echter Katalysator f\u00fcr Exzellenz.<br>Unsere Weiterbildungen begleiten Talente auf ihrem gesamten Berufsweg und vermitteln die Kompetenzen und Perspektiven, um die Anforderungen des Marktes vorauszusehen und aktiv an der Weiterentwicklung der Branche teilzunehmen.<\/p>\n\n\n\n<p>Mit dem Eintritt von Julie Landry setzt die Academy ein klares Zeichen: ein erneuertes Bekenntnis, weiterhin eine f\u00fchrende Referenz in der Aus- und Weiterbildung im Gastgewerbe zu bleiben \u2013 mit Programmen, die auf qualifizierte Fachpersonen und ambitionierte Unternehmen zugeschnitten sind. M\u00f6chten Sie mehr \u00fcber unsere Programme und unseren Ansatz erfahren? Entdecken Sie unser Weiterbildungsangebot auf unserer Website und werden Sie Teil einer Gemeinschaft, die sich dem beruflichen Erfolg verschrieben hat.<\/p>\n\n\n\n<h4 class=\"wp-block-heading\">Kontakt<\/h4>\n\n\n\n<p>Julie Landry<br>Head of Learning &amp; Development<br>Hotelis Academy \u2022 Avenue de la Gottaz 36 \u2022 1110 Morges<br>T +41 21 811 59 60<br><a href=\"mailto:julie.landry@hotelis-academy.ch\">julie.landry@hotelis-academy.ch<\/a><br><\/p>\n","protected":false},"excerpt":{"rendered":"<p>Das Gastgewerbe und die Restauration befinden sich in st\u00e4ndiger Entwicklung und verlangen von Fachkr\u00e4ften eine kontinuierliche Anpassungsf\u00e4higkeit sowie stets aktuelles Know-how. In diesem dynamischen Umfeld freut sich die Hotelis Academy, die Ernennung von Julie Landry zur Leiterin des Ausbildungszentrums bekanntzugeben. Ein innovativer und professioneller Ansatz im Zentrum der Weiterbildung Seit Januar 2025 ist Julie Landry [&#8230;]<\/p>\n<p><a class=\"btn btn-secondary understrap-read-more-link\" href=\"https:\/\/www.hotelis-academy.ch\/de\/blog\/julie-landry-wird-neue-leiterin-des-ausbildungszentrums-der-hotelis-academy\/\">Weiterlesen&#8230;<span class=\"screen-reader-text\"> from Julie Landry wird neue Leiterin des Ausbildungszentrums der Hotelis Academy<\/span><\/a><\/p>\n","protected":false},"author":1,"featured_media":880,"comment_status":"closed","ping_status":"closed","sticky":false,"template":"","format":"standard","meta":{"_monsterinsights_skip_tracking":false,"_monsterinsights_sitenote_active":false,"_monsterinsights_sitenote_note":"","_monsterinsights_sitenote_category":0,"footnotes":""},"categories":[50],"tags":[45],"class_list":["post-882","post","type-post","status-publish","format-standard","has-post-thumbnail","hentry","category-expertise-de","tag-schulungen"],"yoast_head":"<!-- This site is optimized with the Yoast SEO plugin v27.3 - https:\/\/yoast.com\/product\/yoast-seo-wordpress\/ -->\n<title>Julie Landry wird neue Leiterin des Ausbildungszentrums der Hotelis Academy - hotelis-academy<\/title>\n<meta name=\"robots\" content=\"index, follow, max-snippet:-1, max-image-preview:large, max-video-preview:-1\" \/>\n<link rel=\"canonical\" href=\"https:\/\/www.hotelis-academy.ch\/de\/blog\/julie-landry-wird-neue-leiterin-des-ausbildungszentrums-der-hotelis-academy\/\" \/>\n<meta property=\"og:locale\" content=\"de_DE\" \/>\n<meta property=\"og:type\" content=\"article\" \/>\n<meta property=\"og:title\" content=\"Julie Landry wird neue Leiterin des Ausbildungszentrums der Hotelis Academy - hotelis-academy\" \/>\n<meta property=\"og:description\" content=\"Das Gastgewerbe und die Restauration befinden sich in st\u00e4ndiger Entwicklung und verlangen von Fachkr\u00e4ften eine kontinuierliche Anpassungsf\u00e4higkeit sowie stets aktuelles Know-how. In diesem dynamischen Umfeld freut sich die Hotelis Academy, die Ernennung von Julie Landry zur Leiterin des Ausbildungszentrums bekanntzugeben. Ein innovativer und professioneller Ansatz im Zentrum der Weiterbildung Seit Januar 2025 ist Julie Landry [...]Weiterlesen... from Julie Landry wird neue Leiterin des Ausbildungszentrums der Hotelis Academy\" \/>\n<meta property=\"og:url\" content=\"https:\/\/www.hotelis-academy.ch\/de\/blog\/julie-landry-wird-neue-leiterin-des-ausbildungszentrums-der-hotelis-academy\/\" \/>\n<meta property=\"og:site_name\" content=\"hotelis-academy\" \/>\n<meta property=\"article:publisher\" content=\"https:\/\/www.facebook.com\/hotelisacademy\" \/>\n<meta property=\"article:published_time\" content=\"2025-03-19T11:32:00+00:00\" \/>\n<meta property=\"article:modified_time\" content=\"2025-04-25T14:21:58+00:00\" \/>\n<meta property=\"og:image\" content=\"https:\/\/www.hotelis-academy.ch\/wp-content\/uploads\/2025\/04\/visuel_Laysa_Blog.jpg\" \/>\n\t<meta property=\"og:image:width\" content=\"1920\" \/>\n\t<meta property=\"og:image:height\" content=\"1080\" \/>\n\t<meta property=\"og:image:type\" content=\"image\/jpeg\" \/>\n<meta name=\"author\" content=\"mabbet\" \/>\n<meta name=\"twitter:card\" content=\"summary_large_image\" \/>\n<meta name=\"twitter:label1\" content=\"Verfasst von\" \/>\n\t<meta name=\"twitter:data1\" content=\"mabbet\" \/>\n\t<meta name=\"twitter:label2\" content=\"Gesch\u00e4tzte Lesezeit\" \/>\n\t<meta name=\"twitter:data2\" content=\"3\u00a0Minuten\" \/>\n<script type=\"application\/ld+json\" class=\"yoast-schema-graph\">{\"@context\":\"https:\\\/\\\/schema.org\",\"@graph\":[{\"@type\":\"Article\",\"@id\":\"https:\\\/\\\/www.hotelis-academy.ch\\\/de\\\/blog\\\/julie-landry-wird-neue-leiterin-des-ausbildungszentrums-der-hotelis-academy\\\/#article\",\"isPartOf\":{\"@id\":\"https:\\\/\\\/www.hotelis-academy.ch\\\/de\\\/blog\\\/julie-landry-wird-neue-leiterin-des-ausbildungszentrums-der-hotelis-academy\\\/\"},\"author\":{\"name\":\"mabbet\",\"@id\":\"https:\\\/\\\/www.hotelis-academy.ch\\\/de\\\/#\\\/schema\\\/person\\\/5b3c40d1b362040cb7ded4d825f4a33c\"},\"headline\":\"Julie Landry wird neue Leiterin des Ausbildungszentrums der Hotelis Academy\",\"datePublished\":\"2025-03-19T11:32:00+00:00\",\"dateModified\":\"2025-04-25T14:21:58+00:00\",\"mainEntityOfPage\":{\"@id\":\"https:\\\/\\\/www.hotelis-academy.ch\\\/de\\\/blog\\\/julie-landry-wird-neue-leiterin-des-ausbildungszentrums-der-hotelis-academy\\\/\"},\"wordCount\":507,\"publisher\":{\"@id\":\"https:\\\/\\\/www.hotelis-academy.ch\\\/de\\\/#organization\"},\"image\":{\"@id\":\"https:\\\/\\\/www.hotelis-academy.ch\\\/de\\\/blog\\\/julie-landry-wird-neue-leiterin-des-ausbildungszentrums-der-hotelis-academy\\\/#primaryimage\"},\"thumbnailUrl\":\"https:\\\/\\\/www.hotelis-academy.ch\\\/wp-content\\\/uploads\\\/2025\\\/04\\\/visuel_Laysa_Blog.jpg\",\"keywords\":[\"Schulungen\"],\"articleSection\":[\"Expertise\"],\"inLanguage\":\"de\"},{\"@type\":\"WebPage\",\"@id\":\"https:\\\/\\\/www.hotelis-academy.ch\\\/de\\\/blog\\\/julie-landry-wird-neue-leiterin-des-ausbildungszentrums-der-hotelis-academy\\\/\",\"url\":\"https:\\\/\\\/www.hotelis-academy.ch\\\/de\\\/blog\\\/julie-landry-wird-neue-leiterin-des-ausbildungszentrums-der-hotelis-academy\\\/\",\"name\":\"Julie Landry wird neue Leiterin des Ausbildungszentrums der Hotelis Academy - hotelis-academy\",\"isPartOf\":{\"@id\":\"https:\\\/\\\/www.hotelis-academy.ch\\\/de\\\/#website\"},\"primaryImageOfPage\":{\"@id\":\"https:\\\/\\\/www.hotelis-academy.ch\\\/de\\\/blog\\\/julie-landry-wird-neue-leiterin-des-ausbildungszentrums-der-hotelis-academy\\\/#primaryimage\"},\"image\":{\"@id\":\"https:\\\/\\\/www.hotelis-academy.ch\\\/de\\\/blog\\\/julie-landry-wird-neue-leiterin-des-ausbildungszentrums-der-hotelis-academy\\\/#primaryimage\"},\"thumbnailUrl\":\"https:\\\/\\\/www.hotelis-academy.ch\\\/wp-content\\\/uploads\\\/2025\\\/04\\\/visuel_Laysa_Blog.jpg\",\"datePublished\":\"2025-03-19T11:32:00+00:00\",\"dateModified\":\"2025-04-25T14:21:58+00:00\",\"breadcrumb\":{\"@id\":\"https:\\\/\\\/www.hotelis-academy.ch\\\/de\\\/blog\\\/julie-landry-wird-neue-leiterin-des-ausbildungszentrums-der-hotelis-academy\\\/#breadcrumb\"},\"inLanguage\":\"de\",\"potentialAction\":[{\"@type\":\"ReadAction\",\"target\":[\"https:\\\/\\\/www.hotelis-academy.ch\\\/de\\\/blog\\\/julie-landry-wird-neue-leiterin-des-ausbildungszentrums-der-hotelis-academy\\\/\"]}]},{\"@type\":\"ImageObject\",\"inLanguage\":\"de\",\"@id\":\"https:\\\/\\\/www.hotelis-academy.ch\\\/de\\\/blog\\\/julie-landry-wird-neue-leiterin-des-ausbildungszentrums-der-hotelis-academy\\\/#primaryimage\",\"url\":\"https:\\\/\\\/www.hotelis-academy.ch\\\/wp-content\\\/uploads\\\/2025\\\/04\\\/visuel_Laysa_Blog.jpg\",\"contentUrl\":\"https:\\\/\\\/www.hotelis-academy.ch\\\/wp-content\\\/uploads\\\/2025\\\/04\\\/visuel_Laysa_Blog.jpg\",\"width\":1920,\"height\":1080},{\"@type\":\"BreadcrumbList\",\"@id\":\"https:\\\/\\\/www.hotelis-academy.ch\\\/de\\\/blog\\\/julie-landry-wird-neue-leiterin-des-ausbildungszentrums-der-hotelis-academy\\\/#breadcrumb\",\"itemListElement\":[{\"@type\":\"ListItem\",\"position\":1,\"name\":\"Accueil\",\"item\":\"https:\\\/\\\/www.hotelis-academy.ch\\\/de\\\/\"},{\"@type\":\"ListItem\",\"position\":2,\"name\":\"Julie Landry wird neue Leiterin des Ausbildungszentrums der Hotelis Academy\"}]},{\"@type\":\"WebSite\",\"@id\":\"https:\\\/\\\/www.hotelis-academy.ch\\\/de\\\/#website\",\"url\":\"https:\\\/\\\/www.hotelis-academy.ch\\\/de\\\/\",\"name\":\"hotelis-academy\",\"description\":\"Formations et conseils en h\u00f4tellerie et restauration\",\"publisher\":{\"@id\":\"https:\\\/\\\/www.hotelis-academy.ch\\\/de\\\/#organization\"},\"potentialAction\":[{\"@type\":\"SearchAction\",\"target\":{\"@type\":\"EntryPoint\",\"urlTemplate\":\"https:\\\/\\\/www.hotelis-academy.ch\\\/de\\\/?s={search_term_string}\"},\"query-input\":{\"@type\":\"PropertyValueSpecification\",\"valueRequired\":true,\"valueName\":\"search_term_string\"}}],\"inLanguage\":\"de\"},{\"@type\":\"Organization\",\"@id\":\"https:\\\/\\\/www.hotelis-academy.ch\\\/de\\\/#organization\",\"name\":\"Hotelis Academy\",\"url\":\"https:\\\/\\\/www.hotelis-academy.ch\\\/de\\\/\",\"logo\":{\"@type\":\"ImageObject\",\"inLanguage\":\"de\",\"@id\":\"https:\\\/\\\/www.hotelis-academy.ch\\\/de\\\/#\\\/schema\\\/logo\\\/image\\\/\",\"url\":\"https:\\\/\\\/www.hotelis-academy.ch\\\/wp-content\\\/uploads\\\/2024\\\/02\\\/Logo.png\",\"contentUrl\":\"https:\\\/\\\/www.hotelis-academy.ch\\\/wp-content\\\/uploads\\\/2024\\\/02\\\/Logo.png\",\"width\":250,\"height\":71,\"caption\":\"Hotelis Academy\"},\"image\":{\"@id\":\"https:\\\/\\\/www.hotelis-academy.ch\\\/de\\\/#\\\/schema\\\/logo\\\/image\\\/\"},\"sameAs\":[\"https:\\\/\\\/www.facebook.com\\\/hotelisacademy\",\"https:\\\/\\\/www.linkedin.com\\\/company\\\/hotelis-academy\\\/\"]},{\"@type\":\"Person\",\"@id\":\"https:\\\/\\\/www.hotelis-academy.ch\\\/de\\\/#\\\/schema\\\/person\\\/5b3c40d1b362040cb7ded4d825f4a33c\",\"name\":\"mabbet\",\"image\":{\"@type\":\"ImageObject\",\"inLanguage\":\"de\",\"@id\":\"https:\\\/\\\/secure.gravatar.com\\\/avatar\\\/c9b8558dd936c0aabcc45d180fce99dccde96ff74ab27f8bbd6345c035cac21d?s=96&d=mm&r=g\",\"url\":\"https:\\\/\\\/secure.gravatar.com\\\/avatar\\\/c9b8558dd936c0aabcc45d180fce99dccde96ff74ab27f8bbd6345c035cac21d?s=96&d=mm&r=g\",\"contentUrl\":\"https:\\\/\\\/secure.gravatar.com\\\/avatar\\\/c9b8558dd936c0aabcc45d180fce99dccde96ff74ab27f8bbd6345c035cac21d?s=96&d=mm&r=g\",\"caption\":\"mabbet\"},\"sameAs\":[\"https:\\\/\\\/www.hotelis-academy.ch\"],\"url\":\"https:\\\/\\\/www.hotelis-academy.ch\\\/de\\\/blog\\\/author\\\/mabbet\\\/\"}]}<\/script>\n<!-- \/ Yoast SEO plugin. -->","yoast_head_json":{"title":"Julie Landry wird neue Leiterin des Ausbildungszentrums der Hotelis Academy - hotelis-academy","robots":{"index":"index","follow":"follow","max-snippet":"max-snippet:-1","max-image-preview":"max-image-preview:large","max-video-preview":"max-video-preview:-1"},"canonical":"https:\/\/www.hotelis-academy.ch\/de\/blog\/julie-landry-wird-neue-leiterin-des-ausbildungszentrums-der-hotelis-academy\/","og_locale":"de_DE","og_type":"article","og_title":"Julie Landry wird neue Leiterin des Ausbildungszentrums der Hotelis Academy - hotelis-academy","og_description":"Das Gastgewerbe und die Restauration befinden sich in st\u00e4ndiger Entwicklung und verlangen von Fachkr\u00e4ften eine kontinuierliche Anpassungsf\u00e4higkeit sowie stets aktuelles Know-how. In diesem dynamischen Umfeld freut sich die Hotelis Academy, die Ernennung von Julie Landry zur Leiterin des Ausbildungszentrums bekanntzugeben. Ein innovativer und professioneller Ansatz im Zentrum der Weiterbildung Seit Januar 2025 ist Julie Landry [...]Weiterlesen... from Julie Landry wird neue Leiterin des Ausbildungszentrums der Hotelis Academy","og_url":"https:\/\/www.hotelis-academy.ch\/de\/blog\/julie-landry-wird-neue-leiterin-des-ausbildungszentrums-der-hotelis-academy\/","og_site_name":"hotelis-academy","article_publisher":"https:\/\/www.facebook.com\/hotelisacademy","article_published_time":"2025-03-19T11:32:00+00:00","article_modified_time":"2025-04-25T14:21:58+00:00","og_image":[{"width":1920,"height":1080,"url":"https:\/\/www.hotelis-academy.ch\/wp-content\/uploads\/2025\/04\/visuel_Laysa_Blog.jpg","type":"image\/jpeg"}],"author":"mabbet","twitter_card":"summary_large_image","twitter_misc":{"Verfasst von":"mabbet","Gesch\u00e4tzte Lesezeit":"3\u00a0Minuten"},"schema":{"@context":"https:\/\/schema.org","@graph":[{"@type":"Article","@id":"https:\/\/www.hotelis-academy.ch\/de\/blog\/julie-landry-wird-neue-leiterin-des-ausbildungszentrums-der-hotelis-academy\/#article","isPartOf":{"@id":"https:\/\/www.hotelis-academy.ch\/de\/blog\/julie-landry-wird-neue-leiterin-des-ausbildungszentrums-der-hotelis-academy\/"},"author":{"name":"mabbet","@id":"https:\/\/www.hotelis-academy.ch\/de\/#\/schema\/person\/5b3c40d1b362040cb7ded4d825f4a33c"},"headline":"Julie Landry wird neue Leiterin des Ausbildungszentrums der Hotelis Academy","datePublished":"2025-03-19T11:32:00+00:00","dateModified":"2025-04-25T14:21:58+00:00","mainEntityOfPage":{"@id":"https:\/\/www.hotelis-academy.ch\/de\/blog\/julie-landry-wird-neue-leiterin-des-ausbildungszentrums-der-hotelis-academy\/"},"wordCount":507,"publisher":{"@id":"https:\/\/www.hotelis-academy.ch\/de\/#organization"},"image":{"@id":"https:\/\/www.hotelis-academy.ch\/de\/blog\/julie-landry-wird-neue-leiterin-des-ausbildungszentrums-der-hotelis-academy\/#primaryimage"},"thumbnailUrl":"https:\/\/www.hotelis-academy.ch\/wp-content\/uploads\/2025\/04\/visuel_Laysa_Blog.jpg","keywords":["Schulungen"],"articleSection":["Expertise"],"inLanguage":"de"},{"@type":"WebPage","@id":"https:\/\/www.hotelis-academy.ch\/de\/blog\/julie-landry-wird-neue-leiterin-des-ausbildungszentrums-der-hotelis-academy\/","url":"https:\/\/www.hotelis-academy.ch\/de\/blog\/julie-landry-wird-neue-leiterin-des-ausbildungszentrums-der-hotelis-academy\/","name":"Julie Landry wird neue Leiterin des Ausbildungszentrums der Hotelis Academy - hotelis-academy","isPartOf":{"@id":"https:\/\/www.hotelis-academy.ch\/de\/#website"},"primaryImageOfPage":{"@id":"https:\/\/www.hotelis-academy.ch\/de\/blog\/julie-landry-wird-neue-leiterin-des-ausbildungszentrums-der-hotelis-academy\/#primaryimage"},"image":{"@id":"https:\/\/www.hotelis-academy.ch\/de\/blog\/julie-landry-wird-neue-leiterin-des-ausbildungszentrums-der-hotelis-academy\/#primaryimage"},"thumbnailUrl":"https:\/\/www.hotelis-academy.ch\/wp-content\/uploads\/2025\/04\/visuel_Laysa_Blog.jpg","datePublished":"2025-03-19T11:32:00+00:00","dateModified":"2025-04-25T14:21:58+00:00","breadcrumb":{"@id":"https:\/\/www.hotelis-academy.ch\/de\/blog\/julie-landry-wird-neue-leiterin-des-ausbildungszentrums-der-hotelis-academy\/#breadcrumb"},"inLanguage":"de","potentialAction":[{"@type":"ReadAction","target":["https:\/\/www.hotelis-academy.ch\/de\/blog\/julie-landry-wird-neue-leiterin-des-ausbildungszentrums-der-hotelis-academy\/"]}]},{"@type":"ImageObject","inLanguage":"de","@id":"https:\/\/www.hotelis-academy.ch\/de\/blog\/julie-landry-wird-neue-leiterin-des-ausbildungszentrums-der-hotelis-academy\/#primaryimage","url":"https:\/\/www.hotelis-academy.ch\/wp-content\/uploads\/2025\/04\/visuel_Laysa_Blog.jpg","contentUrl":"https:\/\/www.hotelis-academy.ch\/wp-content\/uploads\/2025\/04\/visuel_Laysa_Blog.jpg","width":1920,"height":1080},{"@type":"BreadcrumbList","@id":"https:\/\/www.hotelis-academy.ch\/de\/blog\/julie-landry-wird-neue-leiterin-des-ausbildungszentrums-der-hotelis-academy\/#breadcrumb","itemListElement":[{"@type":"ListItem","position":1,"name":"Accueil","item":"https:\/\/www.hotelis-academy.ch\/de\/"},{"@type":"ListItem","position":2,"name":"Julie Landry wird neue Leiterin des Ausbildungszentrums der Hotelis Academy"}]},{"@type":"WebSite","@id":"https:\/\/www.hotelis-academy.ch\/de\/#website","url":"https:\/\/www.hotelis-academy.ch\/de\/","name":"hotelis-academy","description":"Formations et conseils en h\u00f4tellerie et restauration","publisher":{"@id":"https:\/\/www.hotelis-academy.ch\/de\/#organization"},"potentialAction":[{"@type":"SearchAction","target":{"@type":"EntryPoint","urlTemplate":"https:\/\/www.hotelis-academy.ch\/de\/?s={search_term_string}"},"query-input":{"@type":"PropertyValueSpecification","valueRequired":true,"valueName":"search_term_string"}}],"inLanguage":"de"},{"@type":"Organization","@id":"https:\/\/www.hotelis-academy.ch\/de\/#organization","name":"Hotelis Academy","url":"https:\/\/www.hotelis-academy.ch\/de\/","logo":{"@type":"ImageObject","inLanguage":"de","@id":"https:\/\/www.hotelis-academy.ch\/de\/#\/schema\/logo\/image\/","url":"https:\/\/www.hotelis-academy.ch\/wp-content\/uploads\/2024\/02\/Logo.png","contentUrl":"https:\/\/www.hotelis-academy.ch\/wp-content\/uploads\/2024\/02\/Logo.png","width":250,"height":71,"caption":"Hotelis Academy"},"image":{"@id":"https:\/\/www.hotelis-academy.ch\/de\/#\/schema\/logo\/image\/"},"sameAs":["https:\/\/www.facebook.com\/hotelisacademy","https:\/\/www.linkedin.com\/company\/hotelis-academy\/"]},{"@type":"Person","@id":"https:\/\/www.hotelis-academy.ch\/de\/#\/schema\/person\/5b3c40d1b362040cb7ded4d825f4a33c","name":"mabbet","image":{"@type":"ImageObject","inLanguage":"de","@id":"https:\/\/secure.gravatar.com\/avatar\/c9b8558dd936c0aabcc45d180fce99dccde96ff74ab27f8bbd6345c035cac21d?s=96&d=mm&r=g","url":"https:\/\/secure.gravatar.com\/avatar\/c9b8558dd936c0aabcc45d180fce99dccde96ff74ab27f8bbd6345c035cac21d?s=96&d=mm&r=g","contentUrl":"https:\/\/secure.gravatar.com\/avatar\/c9b8558dd936c0aabcc45d180fce99dccde96ff74ab27f8bbd6345c035cac21d?s=96&d=mm&r=g","caption":"mabbet"},"sameAs":["https:\/\/www.hotelis-academy.ch"],"url":"https:\/\/www.hotelis-academy.ch\/de\/blog\/author\/mabbet\/"}]}},"_links":{"self":[{"href":"https:\/\/www.hotelis-academy.ch\/de\/wp-json\/wp\/v2\/posts\/882","targetHints":{"allow":["GET"]}}],"collection":[{"href":"https:\/\/www.hotelis-academy.ch\/de\/wp-json\/wp\/v2\/posts"}],"about":[{"href":"https:\/\/www.hotelis-academy.ch\/de\/wp-json\/wp\/v2\/types\/post"}],"author":[{"embeddable":true,"href":"https:\/\/www.hotelis-academy.ch\/de\/wp-json\/wp\/v2\/users\/1"}],"replies":[{"embeddable":true,"href":"https:\/\/www.hotelis-academy.ch\/de\/wp-json\/wp\/v2\/comments?post=882"}],"version-history":[{"count":3,"href":"https:\/\/www.hotelis-academy.ch\/de\/wp-json\/wp\/v2\/posts\/882\/revisions"}],"predecessor-version":[{"id":888,"href":"https:\/\/www.hotelis-academy.ch\/de\/wp-json\/wp\/v2\/posts\/882\/revisions\/888"}],"wp:featuredmedia":[{"embeddable":true,"href":"https:\/\/www.hotelis-academy.ch\/de\/wp-json\/wp\/v2\/media\/880"}],"wp:attachment":[{"href":"https:\/\/www.hotelis-academy.ch\/de\/wp-json\/wp\/v2\/media?parent=882"}],"wp:term":[{"taxonomy":"category","embeddable":true,"href":"https:\/\/www.hotelis-academy.ch\/de\/wp-json\/wp\/v2\/categories?post=882"},{"taxonomy":"post_tag","embeddable":true,"href":"https:\/\/www.hotelis-academy.ch\/de\/wp-json\/wp\/v2\/tags?post=882"}],"curies":[{"name":"wp","href":"https:\/\/api.w.org\/{rel}","templated":true}]}}